{"id":1709,"date":"2015-03-09T23:32:53","date_gmt":"2015-03-09T22:32:53","guid":{"rendered":"http:\/\/www.leliseron.com\/?p=1709"},"modified":"2017-07-03T10:43:36","modified_gmt":"2017-07-03T09:43:36","slug":"prix-initiatives-associations-2014-pour-lassociation-le-liseron","status":"publish","type":"post","link":"http:\/\/leliseron.com\/?p=1709","title":{"rendered":"Prix Initiatives Associations 2014 pour\u00a0Le\u00a0Liseron"},"content":{"rendered":"<p>Le jeudi 26 f\u00e9vrier 2015 dernier, la Banque Populaire du Doubs<br \/>\nremettait le \u00ab\u00a0<strong>Prix Initiatives Associations 2014<\/strong>\u00a0\u00bb<br \/>\n\u00e0 trois associations d\u00e9partementales.<\/p>\n<figure id=\"attachment_1718\" aria-describedby=\"caption-attachment-1718\" style=\"width: 300px\" class=\"wp-caption aligncenter\"><a href=\"http:\/\/www.leliseron.com\/wp-content\/uploads\/2015\/03\/Les-Laureats.jpg\" target=\"_blank\"><img loading=\"lazy\" decoding=\"async\" class=\"wp-image-1718 size-medium\" src=\"http:\/\/www.leliseron.com\/wp-content\/uploads\/2015\/03\/Les-Laureats-300x200.jpg\" alt=\"Les Laureats\" width=\"300\" height=\"200\" srcset=\"http:\/\/leliseron.com\/wp-content\/uploads\/2015\/03\/Les-Laureats-300x200.jpg 300w, http:\/\/leliseron.com\/wp-content\/uploads\/2015\/03\/Les-Laureats.jpg 1024w, http:\/\/leliseron.com\/wp-content\/uploads\/2015\/03\/Les-Laureats-700x467.jpg 700w\" sizes=\"auto, (max-width: 300px) 100vw, 300px\" \/><\/a><figcaption id=\"caption-attachment-1718\" class=\"wp-caption-text\">Les laur\u00e9ats !<\/figcaption><\/figure>\n<p style=\"text-align: center;\">\u00a0Ce prix r\u00e9compense les actions men\u00e9es par ces associations.<\/p>\n<div style=\"text-align: center;\">\n<figure id=\"attachment_1712\" aria-describedby=\"caption-attachment-1712\" style=\"width: 300px\" class=\"wp-caption aligncenter\"><a href=\"http:\/\/www.leliseron.com\/wp-content\/uploads\/2015\/03\/PrixInitiativAsso-BanqPop2015.jpg\"><img loading=\"lazy\" decoding=\"async\" class=\"wp-image-1712 size-medium\" src=\"http:\/\/www.leliseron.com\/wp-content\/uploads\/2015\/03\/PrixInitiativAsso-BanqPop2015-300x210.jpg\" alt=\"Prix Initiatives Associations - Banque Populaire 2014\" width=\"300\" height=\"210\" srcset=\"http:\/\/leliseron.com\/wp-content\/uploads\/2015\/03\/PrixInitiativAsso-BanqPop2015-300x210.jpg 300w, http:\/\/leliseron.com\/wp-content\/uploads\/2015\/03\/PrixInitiativAsso-BanqPop2015.jpg 700w\" sizes=\"auto, (max-width: 300px) 100vw, 300px\" \/><\/a><figcaption id=\"caption-attachment-1712\" class=\"wp-caption-text\">Le Prix Initiatives Associations 2014<\/figcaption><\/figure>\n<p>Le prix a \u00e9t\u00e9 remis au si\u00e8ge r\u00e9gional de la Banque Populaire<br \/>\navec un ch\u00e8que de 1\u00a0000\u00a0\u20ac.<\/p>\n<\/div>\n<div>\n<figure id=\"attachment_1730\" aria-describedby=\"caption-attachment-1730\" style=\"width: 300px\" class=\"wp-caption aligncenter\"><a href=\"http:\/\/www.leliseron.com\/wp-content\/uploads\/2015\/03\/Remise-prix-BP-2015.jpg\"><img loading=\"lazy\" decoding=\"async\" class=\"wp-image-1730 size-medium\" src=\"http:\/\/www.leliseron.com\/wp-content\/uploads\/2015\/03\/Remise-prix-BP-2015-300x200.jpg\" alt=\"Remise Prix Initiatives Associations 2014\" width=\"300\" height=\"200\" srcset=\"http:\/\/leliseron.com\/wp-content\/uploads\/2015\/03\/Remise-prix-BP-2015-300x200.jpg 300w, http:\/\/leliseron.com\/wp-content\/uploads\/2015\/03\/Remise-prix-BP-2015.jpg 1024w, http:\/\/leliseron.com\/wp-content\/uploads\/2015\/03\/Remise-prix-BP-2015-700x467.jpg 700w\" sizes=\"auto, (max-width: 300px) 100vw, 300px\" \/><\/a><figcaption id=\"caption-attachment-1730\" class=\"wp-caption-text\">M. Aubry (Vice-Pr\u00e9sident) et M. Vergon (Pr\u00e9sident) de l&rsquo;association Le Liseron re\u00e7oivent le prix.<\/figcaption><\/figure>\n<p><img loading=\"lazy\" decoding=\"async\" class=\"aligncenter wp-image-373 size-full\" src=\"http:\/\/www.leliseron.com\/wp-content\/uploads\/2013\/10\/spacer.gif\" alt=\"spacer\" width=\"10\" height=\"10\" \/><\/p>\n<\/div>\n<div><\/div>\n<div style=\"padding-left: 60px;\">Le Liseron remercie la Banque Populaire pour ce prix.<\/div>\n<p style=\"padding-left: 60px;\">Ainsi, le travail men\u00e9 par l&rsquo;association est de nouveau reconnu.<br \/>\nN&rsquo;oublions pas que l&rsquo;association \u0153uvre depuis 26 ans.<\/p>\n","protected":false},"excerpt":{"rendered":"<p>Le jeudi 26 f\u00e9vrier 2015 dernier, la Banque Populaire du Doubs remettait le \u00ab\u00a0Prix Initiatives Associations 2014\u00a0\u00bb \u00e0 trois associations d\u00e9partementales. \u00a0Ce prix r\u00e9compense les actions men\u00e9es par ces associations. Le prix a \u00e9t\u00e9 remis au si\u00e8ge r\u00e9gional de la Banque Populaire avec un ch\u00e8que de 1\u00a0000\u00a0\u20ac. Le Liseron remercie &#8230;<\/p>\n","protected":false},"author":1,"featured_media":1757,"comment_status":"open","ping_status":"open","sticky":false,"template":"","format":"standard","meta":{"footnotes":""},"categories":[14,4],"tags":[72,70,71,69],"class_list":["post-1709","post","type-post","status-publish","format-standard","has-post-thumbnail","hentry","category-actions-particulieres","category-actualites","tag-association","tag-dons","tag-initiatives","tag-prix","column","threecol","has-thumbnail"],"_links":{"self":[{"href":"http:\/\/leliseron.com\/index.php?rest_route=\/wp\/v2\/posts\/1709","targetHints":{"allow":["GET"]}}],"collection":[{"href":"http:\/\/leliseron.com\/index.php?rest_route=\/wp\/v2\/posts"}],"about":[{"href":"http:\/\/leliseron.com\/index.php?rest_route=\/wp\/v2\/types\/post"}],"author":[{"embeddable":true,"href":"http:\/\/leliseron.com\/index.php?rest_route=\/wp\/v2\/users\/1"}],"replies":[{"embeddable":true,"href":"http:\/\/leliseron.com\/index.php?rest_route=%2Fwp%2Fv2%2Fcomments&post=1709"}],"version-history":[{"count":19,"href":"http:\/\/leliseron.com\/index.php?rest_route=\/wp\/v2\/posts\/1709\/revisions"}],"predecessor-version":[{"id":1758,"href":"http:\/\/leliseron.com\/index.php?rest_route=\/wp\/v2\/posts\/1709\/revisions\/1758"}],"wp:featuredmedia":[{"embeddable":true,"href":"http:\/\/leliseron.com\/index.php?rest_route=\/wp\/v2\/media\/1757"}],"wp:attachment":[{"href":"http:\/\/leliseron.com\/index.php?rest_route=%2Fwp%2Fv2%2Fmedia&parent=1709"}],"wp:term":[{"taxonomy":"category","embeddable":true,"href":"http:\/\/leliseron.com\/index.php?rest_route=%2Fwp%2Fv2%2Fcategories&post=1709"},{"taxonomy":"post_tag","embeddable":true,"href":"http:\/\/leliseron.com\/index.php?rest_route=%2Fwp%2Fv2%2Ftags&post=1709"}],"curies":[{"name":"wp","href":"https:\/\/api.w.org\/{rel}","templated":true}]}}