{"id":1541,"date":"2014-12-09T10:12:24","date_gmt":"2014-12-09T09:12:24","guid":{"rendered":"http:\/\/www.leliseron.com\/?p=1541"},"modified":"2017-07-03T10:40:21","modified_gmt":"2017-07-03T09:40:21","slug":"aperitif-dansant-le-1er-janvier-2015-villers-le-lac","status":"publish","type":"post","link":"http:\/\/leliseron.com\/?p=1541","title":{"rendered":"APERITIF DANSANT, le\u00a01er\u00a0Janvier\u00a02015 \u00e0\u00a0Villers\u00a0le\u00a0Lac"},"content":{"rendered":"<h3 style=\"text-align: center;\"><span style=\"color: #993366;\"><strong>Ap\u00e9ritif dansant \u00e0 19 h \u00e0 la salle des f\u00eates de Villers-le-lac<\/strong><\/span><\/h3>\n<h6 style=\"text-align: center;\">(au b\u00e9n\u00e9fice de l&rsquo;association Le Liseron)<\/h6>\n<figure id=\"attachment_741\" aria-describedby=\"caption-attachment-741\" style=\"width: 300px\" class=\"wp-caption aligncenter\"><a href=\"http:\/\/www.leliseron.com\/wp-content\/uploads\/2014\/01\/P1000981-copie.jpg\" target=\"_blank\"><img loading=\"lazy\" decoding=\"async\" class=\"wp-image-741 size-medium\" title=\"L'essentiel est de bien commenc\u00e9\u2026\" src=\"http:\/\/www.leliseron.com\/wp-content\/uploads\/2014\/01\/P1000981-copie-300x225.jpg\" alt=\"Ap\u00e9ritif dansant\" width=\"300\" height=\"225\" srcset=\"http:\/\/leliseron.com\/wp-content\/uploads\/2014\/01\/P1000981-copie-300x225.jpg 300w, http:\/\/leliseron.com\/wp-content\/uploads\/2014\/01\/P1000981-copie.jpg 400w\" sizes=\"auto, (max-width: 300px) 100vw, 300px\" \/><\/a><figcaption id=\"caption-attachment-741\" class=\"wp-caption-text\">L&rsquo;essentiel est de bien commenc\u00e9\u2026<\/figcaption><\/figure>\n<p style=\"text-align: center;\"><em><br \/>\n<\/em>Animation : <strong>Daniel GIRARD<\/strong> et ses amis musiciens<\/p>\n<blockquote><p>&nbsp;<\/p>\n<p style=\"text-align: center;\">Un bon moyen de commencer l&rsquo;ann\u00e9e en faisant une bonne action<br \/>\net avec quelques exercices utiles apr\u00e8s les f\u00eates !<\/p>\n<address style=\"text-align: center;\">&gt;&gt; inscrivez-vous : <a title=\"Contact\" href=\"http:\/\/www.leliseron.com\/?page_id=97\" target=\"_blank\"><strong>ici<\/strong><\/a> ! &lt;&lt;<\/address>\n<\/blockquote>\n","protected":false},"excerpt":{"rendered":"<p>Ap\u00e9ritif dansant \u00e0 19 h \u00e0 la salle des f\u00eates de Villers-le-lac (au b\u00e9n\u00e9fice de l&rsquo;association Le Liseron) Animation : Daniel GIRARD et ses amis musiciens &nbsp; Un bon moyen de commencer l&rsquo;ann\u00e9e en faisant une bonne action et avec quelques exercices utiles apr\u00e8s les f\u00eates ! &gt;&gt; inscrivez-vous : &#8230;<\/p>\n","protected":false},"author":5,"featured_media":755,"comment_status":"open","ping_status":"open","sticky":false,"template":"","format":"image","meta":{"footnotes":""},"categories":[15,4],"tags":[],"class_list":["post-1541","post","type-post","status-publish","format-image","has-post-thumbnail","hentry","category-manifestation-exterieure","category-actualites","post_format-post-format-image","column","threecol"],"_links":{"self":[{"href":"http:\/\/leliseron.com\/index.php?rest_route=\/wp\/v2\/posts\/1541","targetHints":{"allow":["GET"]}}],"collection":[{"href":"http:\/\/leliseron.com\/index.php?rest_route=\/wp\/v2\/posts"}],"about":[{"href":"http:\/\/leliseron.com\/index.php?rest_route=\/wp\/v2\/types\/post"}],"author":[{"embeddable":true,"href":"http:\/\/leliseron.com\/index.php?rest_route=\/wp\/v2\/users\/5"}],"replies":[{"embeddable":true,"href":"http:\/\/leliseron.com\/index.php?rest_route=%2Fwp%2Fv2%2Fcomments&post=1541"}],"version-history":[{"count":14,"href":"http:\/\/leliseron.com\/index.php?rest_route=\/wp\/v2\/posts\/1541\/revisions"}],"predecessor-version":[{"id":1620,"href":"http:\/\/leliseron.com\/index.php?rest_route=\/wp\/v2\/posts\/1541\/revisions\/1620"}],"wp:featuredmedia":[{"embeddable":true,"href":"http:\/\/leliseron.com\/index.php?rest_route=\/wp\/v2\/media\/755"}],"wp:attachment":[{"href":"http:\/\/leliseron.com\/index.php?rest_route=%2Fwp%2Fv2%2Fmedia&parent=1541"}],"wp:term":[{"taxonomy":"category","embeddable":true,"href":"http:\/\/leliseron.com\/index.php?rest_route=%2Fwp%2Fv2%2Fcategories&post=1541"},{"taxonomy":"post_tag","embeddable":true,"href":"http:\/\/leliseron.com\/index.php?rest_route=%2Fwp%2Fv2%2Ftags&post=1541"}],"curies":[{"name":"wp","href":"https:\/\/api.w.org\/{rel}","templated":true}]}}