{"id":1444,"date":"2014-06-26T16:29:38","date_gmt":"2014-06-26T15:29:38","guid":{"rendered":"http:\/\/www.leliseron.com\/?p=1444"},"modified":"2014-07-01T16:29:20","modified_gmt":"2014-07-01T15:29:20","slug":"formation-a-lecoute-et-laccompagnement","status":"publish","type":"post","link":"http:\/\/leliseron.com\/?p=1444","title":{"rendered":"Formation \u00e0 l&rsquo;\u00e9coute et l&rsquo;accompagnement"},"content":{"rendered":"<p>Apr\u00e8s deux journ\u00e9es de formation \u00e0 l&rsquo;\u00e9coute et l&rsquo;accompagnement des patients et de leurs familles au CHU les 24 et 25 mars 2014, les deux \u00e9quipes \u0153uvrant dans les services d&rsquo;h\u00e9matologie p\u00e9diatrique et adultes ont particip\u00e9 \u00e0 une troisi\u00e8me journ\u00e9e de formation avec Mme Fabienne MATHIEU, le 24 juin, pour analyser et affiner leurs diff\u00e9rentes pratiques d&rsquo;accompagnement.<\/p>\n<p><img loading=\"lazy\" decoding=\"async\" class=\"aligncenter size-full wp-image-1445\" src=\"http:\/\/www.leliseron.com\/wp-content\/uploads\/2014\/07\/formation-FabMathieu_24_25-06-14.jpg\" alt=\"formation \u00e0 l'\u00e9coute et l'accompagnement\" width=\"700\" height=\"498\" srcset=\"http:\/\/leliseron.com\/wp-content\/uploads\/2014\/07\/formation-FabMathieu_24_25-06-14.jpg 700w, http:\/\/leliseron.com\/wp-content\/uploads\/2014\/07\/formation-FabMathieu_24_25-06-14-300x213.jpg 300w\" sizes=\"auto, (max-width: 700px) 100vw, 700px\" \/><\/p>\n","protected":false},"excerpt":{"rendered":"<p>Apr\u00e8s deux journ\u00e9es de formation \u00e0 l&rsquo;\u00e9coute et l&rsquo;accompagnement des patients et de leurs familles au CHU les 24 et 25 mars 2014, les deux \u00e9quipes \u0153uvrant dans les services d&rsquo;h\u00e9matologie p\u00e9diatrique et adultes ont particip\u00e9 \u00e0 une troisi\u00e8me journ\u00e9e de formation avec Mme Fabienne MATHIEU, le 24 juin, pour &#8230;<\/p>\n","protected":false},"author":1,"featured_media":1445,"comment_status":"closed","ping_status":"open","sticky":false,"template":"","format":"standard","meta":{"footnotes":""},"categories":[14,4],"tags":[],"class_list":["post-1444","post","type-post","status-publish","format-standard","has-post-thumbnail","hentry","category-actions-particulieres","category-actualites","column","threecol","has-thumbnail"],"_links":{"self":[{"href":"http:\/\/leliseron.com\/index.php?rest_route=\/wp\/v2\/posts\/1444","targetHints":{"allow":["GET"]}}],"collection":[{"href":"http:\/\/leliseron.com\/index.php?rest_route=\/wp\/v2\/posts"}],"about":[{"href":"http:\/\/leliseron.com\/index.php?rest_route=\/wp\/v2\/types\/post"}],"author":[{"embeddable":true,"href":"http:\/\/leliseron.com\/index.php?rest_route=\/wp\/v2\/users\/1"}],"replies":[{"embeddable":true,"href":"http:\/\/leliseron.com\/index.php?rest_route=%2Fwp%2Fv2%2Fcomments&post=1444"}],"version-history":[{"count":1,"href":"http:\/\/leliseron.com\/index.php?rest_route=\/wp\/v2\/posts\/1444\/revisions"}],"predecessor-version":[{"id":1446,"href":"http:\/\/leliseron.com\/index.php?rest_route=\/wp\/v2\/posts\/1444\/revisions\/1446"}],"wp:featuredmedia":[{"embeddable":true,"href":"http:\/\/leliseron.com\/index.php?rest_route=\/wp\/v2\/media\/1445"}],"wp:attachment":[{"href":"http:\/\/leliseron.com\/index.php?rest_route=%2Fwp%2Fv2%2Fmedia&parent=1444"}],"wp:term":[{"taxonomy":"category","embeddable":true,"href":"http:\/\/leliseron.com\/index.php?rest_route=%2Fwp%2Fv2%2Fcategories&post=1444"},{"taxonomy":"post_tag","embeddable":true,"href":"http:\/\/leliseron.com\/index.php?rest_route=%2Fwp%2Fv2%2Ftags&post=1444"}],"curies":[{"name":"wp","href":"https:\/\/api.w.org\/{rel}","templated":true}]}}