{"id":1391,"date":"2014-05-16T15:23:57","date_gmt":"2014-05-16T14:23:57","guid":{"rendered":"http:\/\/www.leliseron.com\/?p=1391"},"modified":"2014-06-02T15:28:33","modified_gmt":"2014-06-02T14:28:33","slug":"don-de-lucaf-des-fins","status":"publish","type":"post","link":"http:\/\/leliseron.com\/?p=1391","title":{"rendered":"Don de L&rsquo;UCAF des Fins"},"content":{"rendered":"<figure id=\"attachment_1392\" aria-describedby=\"caption-attachment-1392\" style=\"width: 800px\" class=\"wp-caption aligncenter\"><a href=\"http:\/\/www.leliseron.com\/wp-content\/uploads\/2014\/06\/UCAF_les-Fins-remiseCH_bsdf.jpg\"><img loading=\"lazy\" decoding=\"async\" class=\"wp-image-1392 size-full\" src=\"http:\/\/www.leliseron.com\/wp-content\/uploads\/2014\/06\/UCAF_les-Fins-remiseCH_bsdf.jpg\" alt=\"UCAF les Fins - remise de ch\u00e8ques\" width=\"800\" height=\"600\" srcset=\"http:\/\/leliseron.com\/wp-content\/uploads\/2014\/06\/UCAF_les-Fins-remiseCH_bsdf.jpg 800w, http:\/\/leliseron.com\/wp-content\/uploads\/2014\/06\/UCAF_les-Fins-remiseCH_bsdf-300x225.jpg 300w, http:\/\/leliseron.com\/wp-content\/uploads\/2014\/06\/UCAF_les-Fins-remiseCH_bsdf-700x525.jpg 700w\" sizes=\"auto, (max-width: 800px) 100vw, 800px\" \/><\/a><figcaption id=\"caption-attachment-1392\" class=\"wp-caption-text\">Le 15 mai l&rsquo;UCAF remettait aux heureux gagnants leurs lots en pr\u00e9sence des repr\u00e9sentants du Liseron et de l&rsquo;UCAF.<\/figcaption><\/figure>\n<p>Suite \u00e0 leur manifestation \u00ab\u00a0le 18e salon printanier de l&rsquo;artisanat et du commerce du Val\u00a0\u00bb (les 4, 5 et 6 avril dernier aux Fins \u2014 Doubs), l&rsquo;Association des Commer\u00e7ants et Artisans des Fins a remis le b\u00e9n\u00e9fice de la tombola \u00e0 l&rsquo;association : un ch\u00e8que de 2 123,18 \u20ac !<\/p>\n<p>Un grand merci \u00e0 l&rsquo;UCAF.<\/p>\n","protected":false},"excerpt":{"rendered":"<p>Suite \u00e0 leur manifestation \u00ab\u00a0le 18e salon printanier de l&rsquo;artisanat et du commerce du Val\u00a0\u00bb (les 4, 5 et 6 avril dernier aux Fins \u2014 Doubs), l&rsquo;Association des Commer\u00e7ants et Artisans des Fins a remis le b\u00e9n\u00e9fice de la tombola \u00e0 l&rsquo;association : un ch\u00e8que de 2 123,18 \u20ac ! &#8230;<\/p>\n","protected":false},"author":1,"featured_media":1392,"comment_status":"closed","ping_status":"open","sticky":false,"template":"","format":"standard","meta":{"footnotes":""},"categories":[15,4],"tags":[],"class_list":["post-1391","post","type-post","status-publish","format-standard","has-post-thumbnail","hentry","category-manifestation-exterieure","category-actualites","column","threecol","has-thumbnail"],"_links":{"self":[{"href":"http:\/\/leliseron.com\/index.php?rest_route=\/wp\/v2\/posts\/1391","targetHints":{"allow":["GET"]}}],"collection":[{"href":"http:\/\/leliseron.com\/index.php?rest_route=\/wp\/v2\/posts"}],"about":[{"href":"http:\/\/leliseron.com\/index.php?rest_route=\/wp\/v2\/types\/post"}],"author":[{"embeddable":true,"href":"http:\/\/leliseron.com\/index.php?rest_route=\/wp\/v2\/users\/1"}],"replies":[{"embeddable":true,"href":"http:\/\/leliseron.com\/index.php?rest_route=%2Fwp%2Fv2%2Fcomments&post=1391"}],"version-history":[{"count":5,"href":"http:\/\/leliseron.com\/index.php?rest_route=\/wp\/v2\/posts\/1391\/revisions"}],"predecessor-version":[{"id":1396,"href":"http:\/\/leliseron.com\/index.php?rest_route=\/wp\/v2\/posts\/1391\/revisions\/1396"}],"wp:featuredmedia":[{"embeddable":true,"href":"http:\/\/leliseron.com\/index.php?rest_route=\/wp\/v2\/media\/1392"}],"wp:attachment":[{"href":"http:\/\/leliseron.com\/index.php?rest_route=%2Fwp%2Fv2%2Fmedia&parent=1391"}],"wp:term":[{"taxonomy":"category","embeddable":true,"href":"http:\/\/leliseron.com\/index.php?rest_route=%2Fwp%2Fv2%2Fcategories&post=1391"},{"taxonomy":"post_tag","embeddable":true,"href":"http:\/\/leliseron.com\/index.php?rest_route=%2Fwp%2Fv2%2Ftags&post=1391"}],"curies":[{"name":"wp","href":"https:\/\/api.w.org\/{rel}","templated":true}]}}