{"id":1374,"date":"2014-05-20T14:46:33","date_gmt":"2014-05-20T13:46:33","guid":{"rendered":"http:\/\/www.leliseron.com\/?p=1374"},"modified":"2017-07-03T10:40:02","modified_gmt":"2017-07-03T09:40:02","slug":"si-le-coeur-vous-en-dit-devecey-17-et-18-mai-dernier","status":"publish","type":"post","link":"http:\/\/leliseron.com\/?p=1374","title":{"rendered":"\u00ab\u00a0Si le c\u0153ur vous en dit\u00a0\u00bb, Devecey 17 et 18 mai dernier"},"content":{"rendered":"<p><a href=\"http:\/\/www.leliseron.com\/wp-content\/uploads\/2014\/06\/Visuel_tee-shirt.jpg\"><img loading=\"lazy\" decoding=\"async\" class=\"alignleft wp-image-1377 size-medium\" src=\"http:\/\/www.leliseron.com\/wp-content\/uploads\/2014\/06\/Visuel_tee-shirt-225x300.jpg\" alt=\"Visuel de tee-shirt pour la manifestation\" width=\"225\" height=\"300\" srcset=\"http:\/\/leliseron.com\/wp-content\/uploads\/2014\/06\/Visuel_tee-shirt-225x300.jpg 225w, http:\/\/leliseron.com\/wp-content\/uploads\/2014\/06\/Visuel_tee-shirt.jpg 601w\" sizes=\"auto, (max-width: 225px) 100vw, 225px\" \/><\/a>Le soleil \u00e9tait au rendez-vous pour ce week-end de sensibilisation \u00e0 Devecey. Rappelons que s<span class=\"userContent\" data-ft=\"{&quot;tn&quot;:&quot;K&quot;}\">uite au d\u00e9c\u00e8s de leur fille \u00c9lise en novembre dernier, Patrick et M-Paule souhaitaient sensibiliser le plus grand nombre aux causes ch\u00e8res \u00e0 leur fille et \u00e0 eux-m\u00eames.<br \/>\n<\/span>Pour ce faire, un week-end de sensibilisation a \u00e9t\u00e9 organis\u00e9 : sensibilisation au don d&rsquo;organes, \u00e0 la lutte contre le cancer et aux enfants hospitalis\u00e9s et \u00e0 leur famille.<\/p>\n<p><span class=\"userContent\">Tout au long de ces deux jours les causes ch\u00e8res \u00e0 Elise ont pu \u00eatre soutenues dans une ambiance formidable<\/span>.<\/p>\n<p>beaux succ\u00e8s pour les organisateurs, les b\u00e9n\u00e9voles, les participants.<\/p>\n<address><a title=\"Si le c\u0153ur vous en dit\" href=\"http:\/\/www.leliseron.com\/?p=1248\" target=\"_blank\">&gt;&gt; en savoir plus<\/a><br \/>\n<img loading=\"lazy\" decoding=\"async\" class=\"aligncenter  wp-image-373\" src=\"http:\/\/www.leliseron.com\/wp-content\/uploads\/2013\/10\/spacer.gif\" alt=\"spacer\" width=\"63\" height=\"63\" \/><\/p>\n<figure id=\"attachment_1375\" aria-describedby=\"caption-attachment-1375\" style=\"width: 461px\" class=\"wp-caption aligncenter\"><a href=\"http:\/\/www.leliseron.com\/wp-content\/uploads\/2014\/06\/stand-Liseron.jpg\"><img loading=\"lazy\" decoding=\"async\" class=\"wp-image-1375\" src=\"http:\/\/www.leliseron.com\/wp-content\/uploads\/2014\/06\/stand-Liseron-300x211.jpg\" alt=\"Stand de l'association Le Liseron\" width=\"461\" height=\"324\" srcset=\"http:\/\/leliseron.com\/wp-content\/uploads\/2014\/06\/stand-Liseron-300x211.jpg 300w, http:\/\/leliseron.com\/wp-content\/uploads\/2014\/06\/stand-Liseron-700x492.jpg 700w, http:\/\/leliseron.com\/wp-content\/uploads\/2014\/06\/stand-Liseron.jpg 988w\" sizes=\"auto, (max-width: 461px) 100vw, 461px\" \/><\/a><figcaption id=\"caption-attachment-1375\" class=\"wp-caption-text\">Stand de l&rsquo;association Le Liseron<\/figcaption><\/figure>\n<\/address>\n","protected":false},"excerpt":{"rendered":"<p>Le soleil \u00e9tait au rendez-vous pour ce week-end de sensibilisation \u00e0 Devecey. Rappelons que suite au d\u00e9c\u00e8s de leur fille \u00c9lise en novembre dernier, Patrick et M-Paule souhaitaient sensibiliser le plus grand nombre aux causes ch\u00e8res \u00e0 leur fille et \u00e0 eux-m\u00eames. Pour ce faire, un week-end de sensibilisation a &#8230;<\/p>\n","protected":false},"author":1,"featured_media":1377,"comment_status":"closed","ping_status":"closed","sticky":false,"template":"","format":"standard","meta":{"footnotes":""},"categories":[15,4],"tags":[],"class_list":["post-1374","post","type-post","status-publish","format-standard","has-post-thumbnail","hentry","category-manifestation-exterieure","category-actualites","column","threecol","has-thumbnail"],"_links":{"self":[{"href":"http:\/\/leliseron.com\/index.php?rest_route=\/wp\/v2\/posts\/1374","targetHints":{"allow":["GET"]}}],"collection":[{"href":"http:\/\/leliseron.com\/index.php?rest_route=\/wp\/v2\/posts"}],"about":[{"href":"http:\/\/leliseron.com\/index.php?rest_route=\/wp\/v2\/types\/post"}],"author":[{"embeddable":true,"href":"http:\/\/leliseron.com\/index.php?rest_route=\/wp\/v2\/users\/1"}],"replies":[{"embeddable":true,"href":"http:\/\/leliseron.com\/index.php?rest_route=%2Fwp%2Fv2%2Fcomments&post=1374"}],"version-history":[{"count":13,"href":"http:\/\/leliseron.com\/index.php?rest_route=\/wp\/v2\/posts\/1374\/revisions"}],"predecessor-version":[{"id":1432,"href":"http:\/\/leliseron.com\/index.php?rest_route=\/wp\/v2\/posts\/1374\/revisions\/1432"}],"wp:featuredmedia":[{"embeddable":true,"href":"http:\/\/leliseron.com\/index.php?rest_route=\/wp\/v2\/media\/1377"}],"wp:attachment":[{"href":"http:\/\/leliseron.com\/index.php?rest_route=%2Fwp%2Fv2%2Fmedia&parent=1374"}],"wp:term":[{"taxonomy":"category","embeddable":true,"href":"http:\/\/leliseron.com\/index.php?rest_route=%2Fwp%2Fv2%2Fcategories&post=1374"},{"taxonomy":"post_tag","embeddable":true,"href":"http:\/\/leliseron.com\/index.php?rest_route=%2Fwp%2Fv2%2Ftags&post=1374"}],"curies":[{"name":"wp","href":"https:\/\/api.w.org\/{rel}","templated":true}]}}