{"id":1370,"date":"2014-04-18T09:17:32","date_gmt":"2014-04-18T08:17:32","guid":{"rendered":"http:\/\/www.leliseron.com\/?p=1370"},"modified":"2017-07-03T10:39:55","modified_gmt":"2017-07-03T09:39:55","slug":"besancon-la-maison-des-familles-reportage-de-fr3-besancon","status":"publish","type":"post","link":"http:\/\/leliseron.com\/?p=1370","title":{"rendered":"Besan\u00e7on : la Maison des Familles &#8211; reportage de FR3-Besan\u00e7on"},"content":{"rendered":"<p><a href=\"http:\/\/www.leliseron.com\/wp-content\/uploads\/2014\/05\/maison_des_familles.01.jpg\"><img loading=\"lazy\" decoding=\"async\" class=\"aligncenter wp-image-1371 size-medium\" src=\"http:\/\/www.leliseron.com\/wp-content\/uploads\/2014\/05\/maison_des_familles.01-300x191.jpg\" alt=\"Maison des familles \u00e0 Besan\u00e7on\" width=\"300\" height=\"191\" srcset=\"http:\/\/leliseron.com\/wp-content\/uploads\/2014\/05\/maison_des_familles.01-300x191.jpg 300w, http:\/\/leliseron.com\/wp-content\/uploads\/2014\/05\/maison_des_familles.01.jpg 505w\" sizes=\"auto, (max-width: 300px) 100vw, 300px\" \/><\/a>Depuis 20 ans l&rsquo;association \u00ab\u00a0Semons l&rsquo;Espoir\u00a0\u00bb cr\u00e9\u00e9e par Charlyne\u00a0et Pierre Dornier \u0153uvre pour am\u00e9liorer les conditions de vie et de soins des enfants hospitalis\u00e9s de Besan\u00e7on. Aujourd&rsquo;hui avec leur nouveau projet enfants et adultes seront entour\u00e9s : fait indispensable \u00e0 leur bon r\u00e9tablissement.<\/p>\n<address>Reportage de\u00a0 Ludivine Favrel et Fabienne Le Moing sur la maison des familles.<\/address>\n<p>=&gt; c&rsquo;est <a title=\"reportage FR3-Besan\u00e7on sur la maison des familles\" href=\"http:\/\/franche-comte.france3.fr\/2014\/04\/18\/besancon-la-maison-des-familles-461823.html\" target=\"_blank\"><strong>ici<\/strong><\/a> !<\/p>\n","protected":false},"excerpt":{"rendered":"<p>Depuis 20 ans l&rsquo;association \u00ab\u00a0Semons l&rsquo;Espoir\u00a0\u00bb cr\u00e9\u00e9e par Charlyne\u00a0et Pierre Dornier \u0153uvre pour am\u00e9liorer les conditions de vie et de soins des enfants hospitalis\u00e9s de Besan\u00e7on. Aujourd&rsquo;hui avec leur nouveau projet enfants et adultes seront entour\u00e9s : fait indispensable \u00e0 leur bon r\u00e9tablissement. Reportage de\u00a0 Ludivine Favrel et Fabienne Le &#8230;<\/p>\n","protected":false},"author":1,"featured_media":1371,"comment_status":"closed","ping_status":"open","sticky":false,"template":"","format":"standard","meta":{"footnotes":""},"categories":[4],"tags":[],"class_list":["post-1370","post","type-post","status-publish","format-standard","has-post-thumbnail","hentry","category-actualites","column","threecol","has-thumbnail"],"_links":{"self":[{"href":"http:\/\/leliseron.com\/index.php?rest_route=\/wp\/v2\/posts\/1370","targetHints":{"allow":["GET"]}}],"collection":[{"href":"http:\/\/leliseron.com\/index.php?rest_route=\/wp\/v2\/posts"}],"about":[{"href":"http:\/\/leliseron.com\/index.php?rest_route=\/wp\/v2\/types\/post"}],"author":[{"embeddable":true,"href":"http:\/\/leliseron.com\/index.php?rest_route=\/wp\/v2\/users\/1"}],"replies":[{"embeddable":true,"href":"http:\/\/leliseron.com\/index.php?rest_route=%2Fwp%2Fv2%2Fcomments&post=1370"}],"version-history":[{"count":1,"href":"http:\/\/leliseron.com\/index.php?rest_route=\/wp\/v2\/posts\/1370\/revisions"}],"predecessor-version":[{"id":1372,"href":"http:\/\/leliseron.com\/index.php?rest_route=\/wp\/v2\/posts\/1370\/revisions\/1372"}],"wp:featuredmedia":[{"embeddable":true,"href":"http:\/\/leliseron.com\/index.php?rest_route=\/wp\/v2\/media\/1371"}],"wp:attachment":[{"href":"http:\/\/leliseron.com\/index.php?rest_route=%2Fwp%2Fv2%2Fmedia&parent=1370"}],"wp:term":[{"taxonomy":"category","embeddable":true,"href":"http:\/\/leliseron.com\/index.php?rest_route=%2Fwp%2Fv2%2Fcategories&post=1370"},{"taxonomy":"post_tag","embeddable":true,"href":"http:\/\/leliseron.com\/index.php?rest_route=%2Fwp%2Fv2%2Ftags&post=1370"}],"curies":[{"name":"wp","href":"https:\/\/api.w.org\/{rel}","templated":true}]}}