{"id":1154,"date":"2013-10-10T10:12:36","date_gmt":"2013-10-10T09:12:36","guid":{"rendered":"http:\/\/www.leliseron.com\/?p=1154"},"modified":"2014-03-17T12:17:18","modified_gmt":"2014-03-17T11:17:18","slug":"le-conte-demilien-bavans-9-octobre-2013","status":"publish","type":"post","link":"http:\/\/leliseron.com\/?p=1154","title":{"rendered":"Le conte d\u2019\u00c9milien &#8211; Bavans, 9 octobre 2013"},"content":{"rendered":"<p><img loading=\"lazy\" decoding=\"async\" class=\"alignleft  wp-image-1157\" alt=\"D\u00e9dicace d'\u00c9milien\" src=\"http:\/\/www.leliseron.com\/wp-content\/uploads\/2014\/03\/P10408061-300x238.jpg\" width=\"300\" height=\"238\" srcset=\"http:\/\/leliseron.com\/wp-content\/uploads\/2014\/03\/P10408061-300x238.jpg 300w, http:\/\/leliseron.com\/wp-content\/uploads\/2014\/03\/P10408061.jpg 586w\" sizes=\"auto, (max-width: 300px) 100vw, 300px\" \/>D\u00e9dicace d&rsquo;\u00c9milien fier du livre qu&rsquo;il a r\u00e9alis\u00e9 avec l&rsquo;aide de Christelle Cuinet, biographe hospitali\u00e8re, \u00e9crivaine accompagnant.<\/p>\n<p>Le conte d&rsquo;Emillien est intitul\u00e9 \u00ab Louis et la f\u00e9e \u00bb. Il est pr\u00e9sent\u00e9 ce 9 octobre dans la salle des f\u00eates de Bavans pr\u00e8s de Montb\u00e9liard.<br \/>\nPour l\u2019occasion, les parents Pascal Pagnot et son \u00e9pouse, ont convi\u00e9 proches, amis et m\u00e9decins \u00e0 une rencontre de chaleur et d\u2018amiti\u00e9.<\/p>\n<p>\u00ab Notre fils a aussi un handicap cardiaque lourd n\u00e9cessitant un suivi au CHU. Voil\u00e0 cinq mois, on nous a dit que son traitement \u00e9tait au bout, qu\u2019il fallait envisager la suite. Pass\u00e9e la douleur, apr\u00e8s un entretien avec le Dr Frache, on a trouv\u00e9 magnifique cette expression par un livre. Christelle venait \u00e0 la maison et s\u2019isolait avec \u00c9milien \u00bb, raconte Pascal Pagnot, cadre bancaire et \u00e9lu de Bavans.<\/p>\n<p>Cinquante exemplaires ont \u00e9t\u00e9 imprim\u00e9s, quarante financ\u00e9s par les parents d\u2019\u00c9milien, dix par les trois associations, Le Liseron, Nausicaa, Au Bonheur des Enfants qui soutiennent le travail de Christelle Cuinet.<\/p>\n<p>Christelle intervient pour l\u2019instant uniquement \u00e0 l\u2019h\u00f4pital Minjoz de Besan\u00e7on, centre r\u00e9gional o\u00f9 sont hospitalis\u00e9s des enfants de toute la r\u00e9gion Franche-Comt\u00e9.\u00a0 Elle intervient aussi \u00e0 domicile lorsque l\u2019enfant n\u2019est plus temporairement en p\u00e9riode de soins.<\/p>\n<p>Elle propose \u00e0 l\u2019enfant de construire un r\u00e9cit, un conte qui met en sc\u00e8ne son h\u00e9ros personnel. L\u2019enfant raconte alors une histoire et l\u2019illustre de ses propres dessins. Le h\u00e9ros poss\u00e8de un pouvoir qui lui permet de vivre toutes sortes d\u2019aventures. A travers son h\u00e9ros l\u2019enfant construit, cr\u00e9e, joue, au pr\u00e9sent. Ensuite un livre est imprim\u00e9 et offert aux parents et \u00e0 l\u2019enfant.<\/p>\n<p style=\"text-align: left;\">Christelle ne se consid\u00e8re pas comme un soignant ; Elle permet \u00e0 l\u2019enfant d\u2019accoucher d\u2019une histoire qui, on pourrait le supposer, l\u2019aide \u00e0 se construire dans une p\u00e9riode difficile de sa vie et sera en tout cas une trace plus tard de ce moment. Pour les enfants en soins palliatifs, le livre restera une trace pour les parents.<\/p>\n<figure id=\"attachment_1160\" aria-describedby=\"caption-attachment-1160\" style=\"width: 300px\" class=\"wp-caption aligncenter\"><img loading=\"lazy\" decoding=\"async\" class=\"size-medium wp-image-1160    \" alt=\"ChistelleCuinet, EmilienPagnot, SandraFrache\" src=\"http:\/\/www.leliseron.com\/wp-content\/uploads\/2013\/10\/ChistelleCuinet-EmilienPagnot-SandraFrache-300x215.jpg\" width=\"300\" height=\"215\" srcset=\"http:\/\/leliseron.com\/wp-content\/uploads\/2013\/10\/ChistelleCuinet-EmilienPagnot-SandraFrache-300x215.jpg 300w, http:\/\/leliseron.com\/wp-content\/uploads\/2013\/10\/ChistelleCuinet-EmilienPagnot-SandraFrache.jpg 489w\" sizes=\"auto, (max-width: 300px) 100vw, 300px\" \/><figcaption id=\"caption-attachment-1160\" class=\"wp-caption-text\">Christelle Cuinet, \u00e0 gauche. A Droite, le m\u00e9decin p\u00e9diatre Sandra Frache, \u00e9quipe ressource en soins palliatifs et au centre Emilien Pagnot.<\/figcaption><\/figure>\n<address style=\"text-align: center;\">&gt;&gt; <a title=\"La vie au bout des mots\" href=\"http:\/\/www.vosgesmatin.fr\/actualite\/2013\/10\/09\/la-vie-au-bout-des-mots\" target=\"_blank\"><em>En savoir plus\u2026<br \/>\n<\/em><\/a><\/address>\n","protected":false},"excerpt":{"rendered":"<p>D\u00e9dicace d&rsquo;\u00c9milien fier du livre qu&rsquo;il a r\u00e9alis\u00e9 avec l&rsquo;aide de Christelle Cuinet, biographe hospitali\u00e8re, \u00e9crivaine accompagnant. Le conte d&rsquo;Emillien est intitul\u00e9 \u00ab Louis et la f\u00e9e \u00bb. Il est pr\u00e9sent\u00e9 ce 9 octobre dans la salle des f\u00eates de Bavans pr\u00e8s de Montb\u00e9liard. Pour l\u2019occasion, les parents Pascal Pagnot &#8230;<\/p>\n","protected":false},"author":1,"featured_media":1158,"comment_status":"closed","ping_status":"closed","sticky":false,"template":"","format":"standard","meta":{"footnotes":""},"categories":[14,17,4],"tags":[],"class_list":["post-1154","post","type-post","status-publish","format-standard","has-post-thumbnail","hentry","category-actions-particulieres","category-manifestations-hopital","category-actualites","column","threecol","has-thumbnail"],"_links":{"self":[{"href":"http:\/\/leliseron.com\/index.php?rest_route=\/wp\/v2\/posts\/1154","targetHints":{"allow":["GET"]}}],"collection":[{"href":"http:\/\/leliseron.com\/index.php?rest_route=\/wp\/v2\/posts"}],"about":[{"href":"http:\/\/leliseron.com\/index.php?rest_route=\/wp\/v2\/types\/post"}],"author":[{"embeddable":true,"href":"http:\/\/leliseron.com\/index.php?rest_route=\/wp\/v2\/users\/1"}],"replies":[{"embeddable":true,"href":"http:\/\/leliseron.com\/index.php?rest_route=%2Fwp%2Fv2%2Fcomments&post=1154"}],"version-history":[{"count":9,"href":"http:\/\/leliseron.com\/index.php?rest_route=\/wp\/v2\/posts\/1154\/revisions"}],"predecessor-version":[{"id":1168,"href":"http:\/\/leliseron.com\/index.php?rest_route=\/wp\/v2\/posts\/1154\/revisions\/1168"}],"wp:featuredmedia":[{"embeddable":true,"href":"http:\/\/leliseron.com\/index.php?rest_route=\/wp\/v2\/media\/1158"}],"wp:attachment":[{"href":"http:\/\/leliseron.com\/index.php?rest_route=%2Fwp%2Fv2%2Fmedia&parent=1154"}],"wp:term":[{"taxonomy":"category","embeddable":true,"href":"http:\/\/leliseron.com\/index.php?rest_route=%2Fwp%2Fv2%2Fcategories&post=1154"},{"taxonomy":"post_tag","embeddable":true,"href":"http:\/\/leliseron.com\/index.php?rest_route=%2Fwp%2Fv2%2Ftags&post=1154"}],"curies":[{"name":"wp","href":"https:\/\/api.w.org\/{rel}","templated":true}]}}